{"id":3620,"date":"2016-10-27T07:13:50","date_gmt":"2016-10-27T07:13:50","guid":{"rendered":"https:\/\/www.bertschi-cafe.ch\/webseite\/ein-besonderer-kaffee-von-besonderen-menschen\/"},"modified":"2024-03-16T22:27:00","modified_gmt":"2024-03-16T22:27:00","slug":"ein-besonderer-kaffee-von-besonderen-menschen","status":"publish","type":"post","link":"https:\/\/www.bertschi-cafe.ch\/it\/ein-besonderer-kaffee-von-besonderen-menschen\/","title":{"rendered":"Ein besonderer Kaffee von besonderen Menschen"},"content":{"rendered":"<p>Bertschi-Caf\u00e9 unterst\u00fctzt mit seinem Fedar-Kaffee ein besonderes Projekt in Kolumbien.<\/p>\n<p>Kolumbien geh\u00f6rt zu den grossen Wirtschaftsnationen Lateinamerikas. Trotzdem leben viele Kolumbianer in Armut.<\/p>\n<p>Familien mit geistig oder k\u00f6rperlich behinderten Kindern sind oft auf sich alleine gestellt. Aus dieser Not heraus gr\u00fcndeten betroffene Familien 1985 in Popayan, der Hauptstadt der Provinz Cauca, die Fundaci\u00f3n Fedar.<\/p>\n<p>Ziel dieser Non-Profit-Organisation ist es, kognitiv behinderten jungen Menschen wieder einen aktiven Stellenwert in der Gesellschaft zu erm\u00f6glichen. Ihre F\u00e4higkeiten und St\u00e4rken zu erkennen und zu entwickeln. So hilft die Besch\u00e4ftigung in und mit der Natur die kognitiven F\u00e4higkeiten zu f\u00f6rdern. Auf den eigenen Kaffeeplantagen der Stiftung k\u00f6nnen sich die Jugendlichen ohne Druck und mit viel Zeit auf ihre T\u00e4tigkeit konzentrieren. Diese Sorgfalt zahlt sich aus und es entsteht ein besonders reiner Rohkaffee in hoher Qualit\u00e4t.<\/p>\n<p>Der Anbau und die Verarbeitung von Kaffee ist zudem eine wichtige Einnahmequelle und erm\u00f6glicht eine gewisse Eigenst\u00e4ndigkeit und Unabh\u00e4ngigkeit von Spendengeldern. Die Fundaci\u00f3n Fedar ist nicht zertifiziert. Das aus dem Kaffeeanbau erwirtschaftete Geld fliesst ausschliesslich in die Ausbildung und F\u00f6rderung der jungen Menschen. Dabei setzt die Stiftung ihre \u00dcberzeugung, dass nur biologischer Anbau und ressourcenschonende Verarbeitung der richtige Weg f\u00fcr einen nachhaltigen Erfolg der Stiftung ist, kontinuierlich in die Tat um.<\/p>\n<p>Was die Fundaci\u00f3n Fedar bewegt, beeindruckt uns. Mit dem Fedar-Kaffee unterst\u00fctzt Bertschi-Caf\u00e9 die Stiftung in ihrem Engagement. Daf\u00fcr bezahlen wir gerne mehr als den \u00fcblichen Welthandelspreis und unterst\u00fctzen so die Fundaci\u00f3n Fedar direkt und ohne Umwege.<\/p>\n<p>Weitere Informationen (spanisch) auf: www.fedar.org<\/p>\n","protected":false},"excerpt":{"rendered":"<p>Bertschi-Caf\u00e9 unterst\u00fctzt mit seinem Fedar-Kaffee ein besonderes Projekt in Kolumbien. Kolumbien geh\u00f6rt zu den grossen Wirtschaftsnationen Lateinamerikas. Trotzdem leben viele Kolumbianer in Armut. Familien mit geistig oder k\u00f6rperlich behinderten Kindern sind oft auf sich alleine gestellt. Aus dieser Not heraus gr\u00fcndeten betroffene Familien 1985 in Popayan, der Hauptstadt der Provinz Cauca, die Fundaci\u00f3n Fedar. Ziel [&hellip;]<\/p>\n","protected":false},"author":2,"featured_media":3338,"comment_status":"closed","ping_status":"closed","sticky":false,"template":"","format":"standard","meta":{"_acf_changed":false,"_coblocks_attr":"","_coblocks_dimensions":"","_coblocks_responsive_height":"","_coblocks_accordion_ie_support":"","inline_featured_image":false,"_monsterinsights_skip_tracking":false,"_monsterinsights_sitenote_active":false,"_monsterinsights_sitenote_note":"","_monsterinsights_sitenote_category":0,"footnotes":""},"categories":[296,297],"tags":[],"class_list":["post-3620","post","type-post","status-publish","format-standard","has-post-thumbnail","hentry","category-bc-kaffee","category-blog"],"acf":[],"aioseo_notices":[],"_links":{"self":[{"href":"https:\/\/www.bertschi-cafe.ch\/it\/wp-json\/wp\/v2\/posts\/3620","targetHints":{"allow":["GET"]}}],"collection":[{"href":"https:\/\/www.bertschi-cafe.ch\/it\/wp-json\/wp\/v2\/posts"}],"about":[{"href":"https:\/\/www.bertschi-cafe.ch\/it\/wp-json\/wp\/v2\/types\/post"}],"author":[{"embeddable":true,"href":"https:\/\/www.bertschi-cafe.ch\/it\/wp-json\/wp\/v2\/users\/2"}],"replies":[{"embeddable":true,"href":"https:\/\/www.bertschi-cafe.ch\/it\/wp-json\/wp\/v2\/comments?post=3620"}],"version-history":[{"count":1,"href":"https:\/\/www.bertschi-cafe.ch\/it\/wp-json\/wp\/v2\/posts\/3620\/revisions"}],"predecessor-version":[{"id":24701,"href":"https:\/\/www.bertschi-cafe.ch\/it\/wp-json\/wp\/v2\/posts\/3620\/revisions\/24701"}],"wp:featuredmedia":[{"embeddable":true,"href":"https:\/\/www.bertschi-cafe.ch\/it\/wp-json\/wp\/v2\/media\/3338"}],"wp:attachment":[{"href":"https:\/\/www.bertschi-cafe.ch\/it\/wp-json\/wp\/v2\/media?parent=3620"}],"wp:term":[{"taxonomy":"category","embeddable":true,"href":"https:\/\/www.bertschi-cafe.ch\/it\/wp-json\/wp\/v2\/categories?post=3620"},{"taxonomy":"post_tag","embeddable":true,"href":"https:\/\/www.bertschi-cafe.ch\/it\/wp-json\/wp\/v2\/tags?post=3620"}],"curies":[{"name":"wp","href":"https:\/\/api.w.org\/{rel}","templated":true}]}}