{"id":3876,"date":"2022-09-02T08:15:22","date_gmt":"2022-09-02T08:15:22","guid":{"rendered":"https:\/\/www.bertschi-cafe.ch\/webseite\/darum-ist-fairtrade-kaffee-so-wichtig-fuer-uns\/"},"modified":"2026-02-03T17:22:04","modified_gmt":"2026-02-03T15:22:04","slug":"darum-ist-fairtrade-kaffee-so-wichtig-fuer-uns","status":"publish","type":"post","link":"https:\/\/www.bertschi-cafe.ch\/fr\/darum-ist-fairtrade-kaffee-so-wichtig-fuer-uns\/","title":{"rendered":"Darum ist Fairtrade Kaffee so wichtig f\u00fcr uns"},"content":{"rendered":"<p><span style=\"font-weight: 400;\">Wir von Bertschi-Caf\u00e9 bieten verschiedene Kaffeemischungen aus den unterschiedlichsten Regionen der Welt an. Damit die Mischungen entstehen k\u00f6nnen, ist die Arbeit von vielen Personen unverzichtbar. Vor allem in den Anbaugebieten haben die Bauern schwere Arbeit zu leisten, damit Sie nur den besten Kaffee geniessen k\u00f6nnen. Dank <a href=\"https:\/\/www.bertschi-cafe.ch\/shop\/fairtrade-kaffee\/\">Fairtrade Kaffees<\/a> werden sie angemessen verg\u00fctet.<\/span><\/p>\n<h2><b>Was ist \u00fcberhaupt Fairtrade Kaffee?<\/b><\/h2>\n<p><img decoding=\"async\" class=\"aligncenter wp-image-17612 size-full\" src=\"https:\/\/www.bertschi-cafe.ch\/webseite\/wp-content\/uploads\/2023\/12\/arbeiter-von-bertschi-cafe.jpg\" alt=\"Fairtrade Kaffee\" width=\"800\" height=\"500\" \/><\/p>\n<p><span style=\"font-weight: 400;\">Als <a href=\"https:\/\/www.bertschi-cafe.ch\/unser-kaffee\/\">Fairtrade Kaffee<\/a> werden Kaffeemischungen bezeichnet, deren Herstellung zu jeder Zeit fair abl\u00e4uft. Viele Kaffeebauern leben am Existenzminimum, weil sie f\u00fcr ihre Arbeit meist nur einen geringen Lohn erhalten. Das ist besonders unfair, da ihre T\u00e4tigkeit k\u00f6rperlich belastend ist.<\/span><\/p>\n<p><span style=\"font-weight: 400;\"><a href=\"https:\/\/www.bertschi-cafe.ch\/webseite\/\">Kaffeer\u00f6stereien<\/a> wie Bertschi-Caf\u00e9, denen das Wohl der Kaffeebauern am Herzen liegt, setzen daher auf den<\/span> <a href=\"https:\/\/www.bertschi-cafe.ch\/unser-kaffee\/\"><span style=\"font-weight: 400;\">Fairtrade-Gedanken<\/span><\/a><span style=\"font-weight: 400;\">. Er sieht vor, dass die Bauern vor Ort genug Geld erhalten, damit ihre Existenz nicht gef\u00e4hrdet ist. Stattdessen haben sie dank der fairen Bezahlung keine Probleme damit, ihre Familien zu versorgen.<\/span><\/p>\n<p><span style=\"font-weight: 400;\">Doch Fairtrade beinhaltet nicht nur die Verg\u00fctung der Rohstoffproduzenten. Es z\u00e4hlen auch verschiedene weitere Aspekte dazu. So m\u00fcssen die Bauern geregelte Arbeitsbedingungen vorfinden. Ausbeuterische Kinderarbeit ist bei Fairtrade verboten, ebenso die Diskriminierung von Arbeitern. Auf Plantagen sollte eine gewerkschaftliche Organisation stattfinden, Kooperativen sollten demokratisch strukturiert sein.<\/span><\/p>\n<p><span style=\"font-weight: 400;\">Auch \u00f6kologische Faktoren sind f\u00fcr Fairtrade-Produkte von Bedeutung. So wird etwa bei Fairtrade Kaffee darauf geachtet, dass die Pflanzen biologisch und umweltschonend angebaut werden.<\/span><\/p>\n<h3><b>Das Fairtrade-Label der Max Havelaar-Stiftung<\/b><span style=\"font-weight: 400;\">\u00a0<\/span><\/h3>\n<p><span style=\"font-weight: 400;\">Damit Sie wissen, ob Sie Fairtrade Kaffee erwerben, gibt es verschiedene Fairtrade-Label. Sie werden von Organisationen verliehen, die nach strengen Richtlinien \u00fcberpr\u00fcfen, ob Lebensmittel fair produziert werden. Eine Schweizer Organisation, die seit 1992 auf faire Bedingungen bei der Herstellung von Lebensmitteln achtet, ist die<\/span> <a href=\"https:\/\/www.fairtrademaxhavelaar.ch\/\"><span style=\"font-weight: 400;\">Max Havelaar-Stiftung<\/span><\/a><span style=\"font-weight: 400;\">.<\/span><span style=\"font-weight: 400;\">\u00a0<\/span><\/p>\n<p><span style=\"font-weight: 400;\">Seit dem Jahr ihrer Gr\u00fcndung zertifiziert sie faire Lebensmittelproduzenten mit einem Fairtrade-Label. Es handelt sich um ein schwarzes Rechteck, auf dem ein hellblaues und ein gr\u00fcnes Element einen Kreis andeuten. Bestimmt ist Ihnen das Label bereits im Einzelhandel begegnet. Tr\u00e4gt ein Produkt dieses Label, dann k\u00f6nnen Sie sicher sein, dass s\u00e4mtliche Zutaten fair hergestellt oder gewonnen wurden.<\/span><\/p>\n<h2><b>Welche Rolle spielt Nachhaltigkeit bei Fairtrade Kaffee?<\/b><\/h2>\n<p><img decoding=\"async\" class=\"size-full wp-image-19281 aligncenter\" src=\"https:\/\/www.bertschi-cafe.ch\/webseite\/wp-content\/uploads\/2023\/12\/rolle-fairtrade-kaffee.jpg\" alt=\"Welche Rolle spielt Nachhaltigkeit bei Fairtrade Kaffee?\" width=\"800\" height=\"500\" \/><\/p>\n<p><span style=\"font-weight: 400;\">Wie bereits erw\u00e4hnt, ist Kaffee nur dann fair, wenn er auch \u00f6kologisch angebaut wird. Demnach sollen die Plantagen nach umweltfreundlichen und nachhaltigen Gesichtspunkten betrieben werden. Dazu geh\u00f6rt in erster Linie, dass auf die Verwendung von Pestiziden und k\u00fcnstlichem D\u00fcnger verzichtet wird. Auch soll kein gentechnisch ver\u00e4ndertes Saatgut genutzt werden.<\/span><\/p>\n<p><span style=\"font-weight: 400;\">Auf einer \u00f6kologisch betriebenen Kaffeeplantage sollte zudem keine Monokultur herrschen. Neben den Kaffeepflanzen sollten dort also auch andere Gew\u00e4chse gedeihen. Diese bieten meist auch gewisse Vorteile f\u00fcr die Kaffeepflanzen. So spenden grosse Gew\u00e4chse wie Bananen- und Papayab\u00e4ume wertvollen Schatten. Andere Pflanzen \u00ablocken\u00bb Insekten auf sich, die ansonsten die Kaffeepflanzen befallen w\u00fcrden.<\/span><\/p>\n<p><span style=\"font-weight: 400;\">Und die Artenvielfalt auf der Plantage bringt einen weiteren Vorteil mit sich: Die B\u00f6den leiden nicht unter der Monokultur. So m\u00fcssen keine neuen Anbaufl\u00e4chen geschaffen werden, f\u00fcr die unter Umst\u00e4nden sogar W\u00e4lder gerodet werden m\u00fcssen.<\/span><\/p>\n<h2><b>Die wichtigsten Bio-Labels<\/b><\/h2>\n<p><span style=\"font-weight: 400;\">Neben Fairtrade-Labels gibt es auch Zertifizierungen, die explizit ausweisen, dass ein Lebensmittel aus \u00f6kologischem Anbau stammt. Wir sind von drei namhaften Organisationen zertifiziert worden, die wir Ihnen im Folgenden kurz vorstellen wollen.<\/span><\/p>\n<h3><b>Demeter<\/b><\/h3>\n<p><img decoding=\"async\" class=\"size-full wp-image-19282 aligncenter\" src=\"https:\/\/www.bertschi-cafe.ch\/webseite\/wp-content\/uploads\/2023\/12\/Demeter.jpg\" alt=\"Demeter\" width=\"800\" height=\"500\" \/><\/p>\n<p><span style=\"font-weight: 400;\">Der Verband<\/span> <a href=\"https:\/\/www.bertschi-cafe.ch\/webseite\/demeter-zertifizierung\/\"><span style=\"font-weight: 400;\">Demeter<\/span><\/a><span style=\"font-weight: 400;\"> wurde 1924 in Deutschland gegr\u00fcndet. Somit handelt es sich bei ihm um den \u00e4ltesten Bauernverband im deutschsprachigen Raum, der sich um biologische Landwirtschaft bem\u00fcht. Mittlerweile ist Demeter weltweit vertreten. Die Richtlinien, die der Verband f\u00fcr die Vergabe seines Labels anlegt, geh\u00f6ren zu den strengsten \u00fcberhaupt.<\/span><\/p>\n<p><span style=\"font-weight: 400;\">Ein Betrieb, der von Demeter zertifiziert ist, muss entlang der gesamten Produktionskette auf \u00f6kologisches Vorgehen setzen. Es gen\u00fcgt also nicht, nur in bestimmten Bereichen \u00f6kologisch zu sein. Das macht das Demeter-Label zu einem vertrauensw\u00fcrdigen Zeichen f\u00fcr umweltbewusste Konsumenten.<\/span><\/p>\n<h3><b>Bio Suisse<\/b><\/h3>\n<p><span style=\"font-weight: 400;\">Der Schweizer Verband<\/span> <a href=\"https:\/\/www.bertschi-cafe.ch\/unser-kaffee\/bio-suisse\/\"><span style=\"font-weight: 400;\">Bio Suisse<\/span><\/a><span style=\"font-weight: 400;\"> entstand 1981. Es handelt sich dabei um einen Zusammenschluss verschiedener Schweizer Organisationen, die sich f\u00fcr biologische Landwirtschaft einsetzen. Das Label von Bio Suisse ist die Knospe, die bei vielen Konsumenten hierzulande ein grosses Vertrauen geniesst.<\/span><\/p>\n<h3><b>EURO-Bio<\/b><\/h3>\n<p><span style=\"font-weight: 400;\">Auch die Europ\u00e4ische Union legt Wert auf einen fairen Umgang mit der Natur. Deshalb vergibt sie die Zertifizierung<\/span> <a href=\"https:\/\/www.bertschi-cafe.ch\/unser-kaffee\/euro-bio\/\"><span style=\"font-weight: 400;\">EURO-Bio<\/span><\/a><span style=\"font-weight: 400;\">. Das dazugeh\u00f6rige Label zeigt die Form eines Blatts, die aus Sternen besteht. Lebensmittel, die damit versehen sind, wurden nach EU-Richtlinien angebaut oder hergestellt.<\/span><\/p>\n<h2><b>Inwiefern ist Fairtrade f\u00fcr die Qualit\u00e4t des Kaffees f\u00f6rderlich?<\/b><\/h2>\n<p><img decoding=\"async\" class=\"size-full wp-image-19283 aligncenter\" src=\"https:\/\/www.bertschi-cafe.ch\/webseite\/wp-content\/uploads\/2023\/12\/qualitat-des-kaffees.jpg\" alt=\"Inwiefern ist Fairtrade f\u00fcr die Qualit\u00e4t des Kaffees f\u00f6rderlich?\" width=\"800\" height=\"500\" \/><\/p>\n<p><span style=\"font-weight: 400;\">Wir sind der Meinung, dass Fairtrade einem Kaffee guttut. Denn zum einen leisten nur diejenigen Kaffeebauern wirklich gute Arbeit, die daf\u00fcr fair und angemessen bezahlt werden. Sie achten voller Sorgfalt darauf, nur reife Bohnen zu ernten und so zu trocknen, dass sie keinen Schaden nehmen.<\/span><\/p>\n<p><span style=\"font-weight: 400;\">Zum anderen ist es f\u00fcr die Qualit\u00e4t des Kaffees f\u00f6rderlich, wenn der Anbau \u00f6kologisch stattfand. Pestizide belasten die Bohnen, gentechnische Ver\u00e4nderungen bringen f\u00fcr das Aroma ebenfalls keinen Mehrwert. Am besten schmecken <a href=\"https:\/\/www.bertschi-cafe.ch\/produkt\/basler-cafe\/\">Kaffeebohnen<\/a>, wenn sie ganz nat\u00fcrlich wachsen und mit viel Expertise behandelt werden.<\/span><\/p>\n<h2><b>Welche Fairtrade Kaffees bietet Bertschi-Caf\u00e9 an?<\/b><\/h2>\n<p><img decoding=\"async\" class=\"size-full wp-image-18639 aligncenter\" src=\"https:\/\/www.bertschi-cafe.ch\/webseite\/wp-content\/uploads\/2023\/12\/cafe-bertschi-espresso.jpg\" alt=\"cafe bertschi espresso\" width=\"800\" height=\"500\" \/><\/p>\n<p><span style=\"font-weight: 400;\">In unserem<\/span> <a href=\"https:\/\/www.bertschi-cafe.ch\/shop\/\"><span style=\"font-weight: 400;\">Online-Shop<\/span><\/a><span style=\"font-weight: 400;\"> k\u00f6nnen Sie s\u00e4mtliche Kaffeemischungen aus unserer Produktion erwerben. Verschiedene Filter erleichtern Ihnen die Suche nach der Mischung, die Ihrem Geschmack entspricht. So k\u00f6nnen Sie sich zum Beispiel nur Kaffeemischungen anzeigen lassen, die f\u00fcr Espresso geeignet sind oder die wir gemahlen anbieten.<\/span><\/p>\n<p><span style=\"font-weight: 400;\">Wenn Sie im Shop auf der linken Seite auf \u00abZertifizierung\u00bb klicken, dann \u00f6ffnet sich ein Untermen\u00fc, das aus folgenden Punkten besteht:<\/span><\/p>\n<ul>\n<li style=\"font-weight: 400;\" aria-level=\"1\"><span style=\"font-weight: 400;\">Bio-Kaffee<\/span><\/li>\n<li style=\"font-weight: 400;\" aria-level=\"1\"><span style=\"font-weight: 400;\">Demeter-Kaffee<\/span><\/li>\n<li style=\"font-weight: 400;\" aria-level=\"1\"><span style=\"font-weight: 400;\">EURO-Bio-Kaffee<\/span><\/li>\n<li style=\"font-weight: 400;\" aria-level=\"1\"><span style=\"font-weight: 400;\">Fairtrade Kaffee<\/span><\/li>\n<\/ul>\n<p><span style=\"font-weight: 400;\">Indem Sie auf einen dieser Men\u00fcpunkte klicken, filtern Sie unser Sortiment nach diesem Aspekt. Legen Sie also Wert darauf, dass Ihre Kaffeemischung von biologisch und nachhaltig angebauten Pflanzen stammt, klicken Sie auf \u00abBio-Kaffee\u00bb. Haben Sie besonderes Vertrauen in die von Demeter oder EURO-Bio zertifizierten Kaffeemischungen, finden Sie \u00fcber die entsprechenden Punkte die Auswahl.<\/span><\/p>\n<p><span style=\"font-weight: 400;\">Ist es Ihnen wichtig, Fairtrade Kaffee zu konsumieren, dann klicken Sie diesen Men\u00fcpunkt an. Ihnen werden dann zahlreiche Kaffeemischungen angezeigt, die sich f\u00fcr unterschiedliche Zubereitungsarten eignen. F\u00fcr Caf\u00e9 Cr\u00e8me und Filterkaffee ist beispielsweise die Mischung<\/span> <a href=\"https:\/\/www.bertschi-cafe.ch\/produkt\/kooperative-maya-vinic\/\"><span style=\"font-weight: 400;\">Maya Vinic<\/span><\/a><span style=\"font-weight: 400;\"> ideal. Sie besteht zu 100 Prozent aus Arabica-Bohnen in einer mittleren R\u00f6stung.<\/span><\/p>\n<p><span style=\"font-weight: 400;\">Wenn Sie lieber Espresso trinken, dann k\u00f6nnen wir Ihnen beispielsweise die Mischung<\/span> <a href=\"https:\/\/www.bertschi-cafe.ch\/produkt\/espresso-max-havelaar\/\"><span style=\"font-weight: 400;\">Espresso Max Havelaar<\/span><\/a><span style=\"font-weight: 400;\"> empfehlen. Zu 90 Prozent besteht sie aus Arabica-Bohnen aus Mittel- und S\u00fcdamerika, die restlichen zehn Prozent sind Robusta-Bohnen aus Afrika.<\/span><\/p>\n<p><span style=\"font-weight: 400;\">Sie lieben Kaffee in all seinen Zubereitungsformen? Dann legen wir Ihnen unser<\/span> <a href=\"https:\/\/www.bertschi-cafe.ch\/produkt\/fairtrade-kaffee-set\/\"><span style=\"font-weight: 400;\">Fairtrade Kaffee-Set<\/span><\/a><span style=\"font-weight: 400;\"> ans Herz. Es enth\u00e4lt sechs Mischungen in verschiedenen R\u00f6stgraden. Dazu kommen noch zwei Tassen mitsamt Tellern. So k\u00f6nnen Sie die Fairtrade Kaffees gleich intensiv verkosten.<\/span><\/p>\n<h2><b>Bertschi-Caf\u00e9: Fairtrade aus \u00dcberzeugung<\/b><\/h2>\n<p><span style=\"font-weight: 400;\">Fairtrade war f\u00fcr uns bereits ein erstrebenswertes Ziel, als der Begriff noch nicht in aller Munde war. Nicht nur deshalb ist Fairtrade f\u00fcr uns kein Marketing-Trend, sondern unsere \u00dcberzeugung. Wir erwerben unsere Kaffeebohnen direkt bei den Kooperativen in den Anbaul\u00e4ndern. Nicht nur dort gehen wir fair mit den Menschen um, die zur hohen Qualit\u00e4t unserer Kaffeemischungen beitragen.<\/span><\/p>\n<p><span style=\"font-weight: 400;\">W\u00e4hrend des gesamten Herstellungsprozesses sind Arbeiter t\u00e4tig, die f\u00fcr ihre Leistungen Lohn und Respekt verdienen. Bei einigen unserer Mischungen k\u00f6nnen Sie sogar den Weg nachverfolgen, den die Kaffeebohnen hinter sich haben. Auf der Verpackung befindet sich ein QR-Code \u2013 wie beispielsweise beim<\/span> <a href=\"https:\/\/www.bertschi-cafe.ch\/produkt\/indonesia-sugata-qr-code-cafe\/\"><span style=\"font-weight: 400;\">Indonesia Sugata<\/span><\/a><span style=\"font-weight: 400;\">. Wenn Sie den Code scannen, blicken Sie hinter die Kulissen der Kaffeeproduktion.<\/span><\/p>\n<p><span style=\"font-weight: 400;\">Wollen Sie mehr \u00fcber unser Engagement f\u00fcr Fairtrade wissen? Dann kontaktieren Sie uns gerne. Wir sind per<\/span> <a href=\"https:\/\/www.bertschi-cafe.ch\/kontakt\/\"><span style=\"font-weight: 400;\">Formular<\/span><\/a><span style=\"font-weight: 400;\">, aber auch telefonisch und per E-Mail f\u00fcr Sie erreichbar.<\/span><\/p>\n","protected":false},"excerpt":{"rendered":"<p>Wir von Bertschi-Caf\u00e9 bieten verschiedene Kaffeemischungen aus den unterschiedlichsten Regionen der Welt an. Damit die Mischungen entstehen k\u00f6nnen, ist die Arbeit von vielen Personen unverzichtbar. Vor allem in den Anbaugebieten haben die Bauern schwere Arbeit zu leisten, damit Sie nur den besten Kaffee geniessen k\u00f6nnen. Dank Fairtrade Kaffees werden sie angemessen verg\u00fctet. Was ist \u00fcberhaupt [&hellip;]<\/p>\n","protected":false},"author":2,"featured_media":3881,"comment_status":"closed","ping_status":"closed","sticky":false,"template":"","format":"standard","meta":{"_acf_changed":false,"_coblocks_attr":"","_coblocks_dimensions":"","_coblocks_responsive_height":"","_coblocks_accordion_ie_support":"","inline_featured_image":false,"_monsterinsights_skip_tracking":false,"_monsterinsights_sitenote_active":false,"_monsterinsights_sitenote_note":"","_monsterinsights_sitenote_category":0,"footnotes":""},"categories":[297],"tags":[],"class_list":["post-3876","post","type-post","status-publish","format-standard","has-post-thumbnail","hentry","category-blog"],"acf":[],"aioseo_notices":[],"_links":{"self":[{"href":"https:\/\/www.bertschi-cafe.ch\/fr\/wp-json\/wp\/v2\/posts\/3876","targetHints":{"allow":["GET"]}}],"collection":[{"href":"https:\/\/www.bertschi-cafe.ch\/fr\/wp-json\/wp\/v2\/posts"}],"about":[{"href":"https:\/\/www.bertschi-cafe.ch\/fr\/wp-json\/wp\/v2\/types\/post"}],"author":[{"embeddable":true,"href":"https:\/\/www.bertschi-cafe.ch\/fr\/wp-json\/wp\/v2\/users\/2"}],"replies":[{"embeddable":true,"href":"https:\/\/www.bertschi-cafe.ch\/fr\/wp-json\/wp\/v2\/comments?post=3876"}],"version-history":[{"count":2,"href":"https:\/\/www.bertschi-cafe.ch\/fr\/wp-json\/wp\/v2\/posts\/3876\/revisions"}],"predecessor-version":[{"id":35639,"href":"https:\/\/www.bertschi-cafe.ch\/fr\/wp-json\/wp\/v2\/posts\/3876\/revisions\/35639"}],"wp:featuredmedia":[{"embeddable":true,"href":"https:\/\/www.bertschi-cafe.ch\/fr\/wp-json\/wp\/v2\/media\/3881"}],"wp:attachment":[{"href":"https:\/\/www.bertschi-cafe.ch\/fr\/wp-json\/wp\/v2\/media?parent=3876"}],"wp:term":[{"taxonomy":"category","embeddable":true,"href":"https:\/\/www.bertschi-cafe.ch\/fr\/wp-json\/wp\/v2\/categories?post=3876"},{"taxonomy":"post_tag","embeddable":true,"href":"https:\/\/www.bertschi-cafe.ch\/fr\/wp-json\/wp\/v2\/tags?post=3876"}],"curies":[{"name":"wp","href":"https:\/\/api.w.org\/{rel}","templated":true}]}}