{"id":3645,"date":"2017-02-26T13:09:29","date_gmt":"2017-02-26T13:09:29","guid":{"rendered":"https:\/\/www.bertschi-cafe.ch\/webseite\/eine-schlaue-sache\/"},"modified":"2024-03-16T22:27:14","modified_gmt":"2024-03-16T22:27:14","slug":"eine-schlaue-sache","status":"publish","type":"post","link":"https:\/\/www.bertschi-cafe.ch\/fr\/eine-schlaue-sache\/","title":{"rendered":"Eine schlaue Sache!"},"content":{"rendered":"<p>Max Havelaar feiert in diesem Jahr das 25-Jahre-Jubil\u00e4um. Dieses Jubil\u00e4um ist f\u00fcr alle Fairtrade-Produzenten und nicht zuletzt auch f\u00fcr unsere kleine R\u00f6sterei ein besonderes Ereignis.<\/p>\n<p>Mit dem Lizenzvertrag Nr. 1 ist Bertschi-Caf\u00e9 von der ersten Stunde an mit dabei.<\/p>\n<p>Darauf sind wir sehr stolz. Der nachhaltige Erfolg von Fairtrade motiviert und best\u00e4tigt uns auch weiterhin in unserem Engagement und \u00dcberzeugung. Wir freuen uns \u00fcber die wachsenden<br \/>\nErfolge von Fairtrade und sind f\u00fcr die Herausforderungen der n\u00e4chsten 25 Jahre bereit.<\/p>\n<p>Weitere aktuelle Infos und Aktionen zum Max Havelaar-Jubil\u00e4um auf:<\/p>\n<p><a href=\"https:\/\/www.maxhavelaar.ch\/jubilaeum-25-jahre-max-havelaar\" target=\"_blank\" rel=\"noopener\">https:\/\/www.maxhavelaar.ch\/jubilaeum-25-jahre-max-havelaar<\/a><\/p>\n","protected":false},"excerpt":{"rendered":"<p>Max Havelaar feiert in diesem Jahr das 25-Jahre-Jubil\u00e4um. Dieses Jubil\u00e4um ist f\u00fcr alle Fairtrade-Produzenten und nicht zuletzt auch f\u00fcr unsere kleine R\u00f6sterei ein besonderes Ereignis. Mit dem Lizenzvertrag Nr. 1 ist Bertschi-Caf\u00e9 von der ersten Stunde an mit dabei. Darauf sind wir sehr stolz. Der nachhaltige Erfolg von Fairtrade motiviert und best\u00e4tigt uns auch weiterhin [&hellip;]<\/p>\n","protected":false},"author":2,"featured_media":3405,"comment_status":"closed","ping_status":"closed","sticky":false,"template":"","format":"standard","meta":{"_acf_changed":false,"_coblocks_attr":"","_coblocks_dimensions":"","_coblocks_responsive_height":"","_coblocks_accordion_ie_support":"","inline_featured_image":false,"_monsterinsights_skip_tracking":false,"_monsterinsights_sitenote_active":false,"_monsterinsights_sitenote_note":"","_monsterinsights_sitenote_category":0,"footnotes":""},"categories":[296,297],"tags":[],"class_list":["post-3645","post","type-post","status-publish","format-standard","has-post-thumbnail","hentry","category-bc-kaffee","category-blog"],"acf":[],"aioseo_notices":[],"_links":{"self":[{"href":"https:\/\/www.bertschi-cafe.ch\/fr\/wp-json\/wp\/v2\/posts\/3645","targetHints":{"allow":["GET"]}}],"collection":[{"href":"https:\/\/www.bertschi-cafe.ch\/fr\/wp-json\/wp\/v2\/posts"}],"about":[{"href":"https:\/\/www.bertschi-cafe.ch\/fr\/wp-json\/wp\/v2\/types\/post"}],"author":[{"embeddable":true,"href":"https:\/\/www.bertschi-cafe.ch\/fr\/wp-json\/wp\/v2\/users\/2"}],"replies":[{"embeddable":true,"href":"https:\/\/www.bertschi-cafe.ch\/fr\/wp-json\/wp\/v2\/comments?post=3645"}],"version-history":[{"count":1,"href":"https:\/\/www.bertschi-cafe.ch\/fr\/wp-json\/wp\/v2\/posts\/3645\/revisions"}],"predecessor-version":[{"id":24723,"href":"https:\/\/www.bertschi-cafe.ch\/fr\/wp-json\/wp\/v2\/posts\/3645\/revisions\/24723"}],"wp:featuredmedia":[{"embeddable":true,"href":"https:\/\/www.bertschi-cafe.ch\/fr\/wp-json\/wp\/v2\/media\/3405"}],"wp:attachment":[{"href":"https:\/\/www.bertschi-cafe.ch\/fr\/wp-json\/wp\/v2\/media?parent=3645"}],"wp:term":[{"taxonomy":"category","embeddable":true,"href":"https:\/\/www.bertschi-cafe.ch\/fr\/wp-json\/wp\/v2\/categories?post=3645"},{"taxonomy":"post_tag","embeddable":true,"href":"https:\/\/www.bertschi-cafe.ch\/fr\/wp-json\/wp\/v2\/tags?post=3645"}],"curies":[{"name":"wp","href":"https:\/\/api.w.org\/{rel}","templated":true}]}}