{"id":3629,"date":"2017-10-02T17:50:08","date_gmt":"2017-10-02T17:50:08","guid":{"rendered":"https:\/\/www.bertschi-cafe.ch\/webseite\/cappuccino-kekse-mit-walnuessen\/"},"modified":"2024-03-16T22:27:11","modified_gmt":"2024-03-16T22:27:11","slug":"cappuccino-kekse-mit-walnuessen","status":"publish","type":"post","link":"https:\/\/www.bertschi-cafe.ch\/fr\/cappuccino-kekse-mit-walnuessen\/","title":{"rendered":"Cappuccino-Kekse mit Waln\u00fcssen"},"content":{"rendered":"<p>Ein herbstliches Keksrezept \u2013 perfekt zu einen feinen Kaffee und ein genussvoller Einstieg in einen sch\u00f6nen Herbst. Die Menge reicht f\u00fcr ein Backblech.<\/p>\n<p>&nbsp;<\/p>\n<p><strong>F\u00fcr den Teig:<\/strong><\/p>\n<p>300 g \u00a0\u00a0\u00a0\u00a0\u00a0\u00a0\u00a0\u00a0\u00a0\u00a0\u00a0\u00a0\u00a0 zarte Haferflocken<\/p>\n<p>350 g \u00a0\u00a0\u00a0\u00a0\u00a0\u00a0\u00a0\u00a0\u00a0\u00a0\u00a0\u00a0\u00a0 Mehl<\/p>\n<p>175 g\u00a0\u00a0\u00a0\u00a0\u00a0\u00a0\u00a0\u00a0\u00a0\u00a0\u00a0\u00a0\u00a0\u00a0 Waln\u00fcsse und Rosinen gemischt<\/p>\n<p>250 g \u00a0\u00a0\u00a0\u00a0\u00a0\u00a0\u00a0\u00a0\u00a0\u00a0\u00a0\u00a0\u00a0 Butter<\/p>\n<p>1 P\u00e4ckchen \u00a0\u00a0\u00a0 Vanillezucker<\/p>\n<p>350 g \u00a0\u00a0\u00a0\u00a0\u00a0\u00a0\u00a0\u00a0\u00a0\u00a0\u00a0\u00a0\u00a0 braunen Zucker<\/p>\n<p>2 \u00a0\u00a0\u00a0\u00a0\u00a0\u00a0\u00a0\u00a0\u00a0\u00a0\u00a0\u00a0\u00a0\u00a0\u00a0\u00a0\u00a0\u00a0\u00a0\u00a0 Eier<\/p>\n<p>1\/4 TL\u00a0 \u00a0\u00a0\u00a0\u00a0\u00a0\u00a0\u00a0\u00a0\u00a0\u00a0 Salz<\/p>\n<p>1 Tasse \u00a0\u00a0\u00a0\u00a0\u00a0\u00a0\u00a0\u00a0\u00a0 kr\u00e4ftigen Espresso<\/p>\n<p>1 TL \u00a0\u00a0\u00a0\u00a0\u00a0\u00a0\u00a0\u00a0\u00a0\u00a0\u00a0\u00a0\u00a0\u00a0 Backpulver<\/p>\n<p>&nbsp;<\/p>\n<p><strong>F\u00fcr die Kaffeeglasur:<\/strong><\/p>\n<p>4 TL \u00a0\u00a0\u00a0\u00a0\u00a0\u00a0\u00a0\u00a0\u00a0\u00a0\u00a0\u00a0\u00a0\u00a0 heisse Milch<\/p>\n<p>4 TL \u00a0\u00a0\u00a0\u00a0\u00a0\u00a0\u00a0\u00a0\u00a0\u00a0\u00a0\u00a0\u00a0\u00a0 Espresso<\/p>\n<p>1 TL \u00a0\u00a0\u00a0\u00a0\u00a0\u00a0\u00a0\u00a0\u00a0\u00a0\u00a0\u00a0\u00a0\u00a0 Kaffeepulver oder Instant-Kaffeepulver<\/p>\n<p>100 g \u00a0\u00a0\u00a0\u00a0\u00a0\u00a0\u00a0\u00a0\u00a0\u00a0\u00a0\u00a0\u00a0 Puderzucker<\/p>\n<p>&nbsp;<\/p>\n<p><strong>Zubereitung:<\/strong><\/p>\n<p>Die Butter schaumig schlagen und Zucker sowie Vanillezucker hinzuf\u00fcgen. Die Eier leicht aufschlagen und mit dem Espresso unterr\u00fchren.<\/p>\n<p>Die \u00fcbrigen Zutaten separat vermischen und mit der Buttermischung zu einem klebrigen Teig vermengen. Die gehackten N\u00fcsse und Rosinen unterheben.<\/p>\n<p>Den fertigen Teig auf ein Blech streichen (ca. 1 cm hoch) und bei 190\u00b0C um die 20-25 Minuten backen. Etwas abk\u00fchlen lassen und anschliessend mit Waln\u00fcssen und der fertig anger\u00fchrten Kaffeeglasur garnieren. In appetitliche St\u00fccke schneiden und geniessen.<\/p>\n","protected":false},"excerpt":{"rendered":"<p>Ein herbstliches Keksrezept \u2013 perfekt zu einen feinen Kaffee und ein genussvoller Einstieg in einen sch\u00f6nen Herbst. Die Menge reicht f\u00fcr ein Backblech. &nbsp; F\u00fcr den Teig: 300 g \u00a0\u00a0\u00a0\u00a0\u00a0\u00a0\u00a0\u00a0\u00a0\u00a0\u00a0\u00a0\u00a0 zarte Haferflocken 350 g \u00a0\u00a0\u00a0\u00a0\u00a0\u00a0\u00a0\u00a0\u00a0\u00a0\u00a0\u00a0\u00a0 Mehl 175 g\u00a0\u00a0\u00a0\u00a0\u00a0\u00a0\u00a0\u00a0\u00a0\u00a0\u00a0\u00a0\u00a0\u00a0 Waln\u00fcsse und Rosinen gemischt 250 g \u00a0\u00a0\u00a0\u00a0\u00a0\u00a0\u00a0\u00a0\u00a0\u00a0\u00a0\u00a0\u00a0 Butter 1 P\u00e4ckchen \u00a0\u00a0\u00a0 Vanillezucker 350 g \u00a0\u00a0\u00a0\u00a0\u00a0\u00a0\u00a0\u00a0\u00a0\u00a0\u00a0\u00a0\u00a0 braunen Zucker [&hellip;]<\/p>\n","protected":false},"author":2,"featured_media":3358,"comment_status":"closed","ping_status":"closed","sticky":false,"template":"","format":"standard","meta":{"_acf_changed":false,"_coblocks_attr":"","_coblocks_dimensions":"","_coblocks_responsive_height":"","_coblocks_accordion_ie_support":"","om_disable_all_campaigns":false,"inline_featured_image":false,"_monsterinsights_skip_tracking":false,"footnotes":""},"categories":[299],"tags":[],"class_list":["post-3629","post","type-post","status-publish","format-standard","has-post-thumbnail","hentry","category-rezepte"],"acf":[],"aioseo_notices":[],"aioseo_head":"\n\t\t<!-- All in One SEO Pro 5.0.1.1 - aioseo.com -->\n\t<meta name=\"description\" content=\"Ein herbstliches Keksrezept \u2013 perfekt zu einen feinen Kaffee und ein genussvoller Einstieg in einen sch\u00f6nen Herbst. Die Menge reicht f\u00fcr ein Backblech. F\u00fcr den Teig: 300 g zarte Haferflocken 350 g Mehl 175 g Waln\u00fcsse und Rosinen gemischt 250 g Butter 1 P\u00e4ckchen Vanillezucker 350 g braunen Zucker\" \/>\n\t<meta name=\"robots\" content=\"max-snippet:-1, max-image-preview:large, max-video-preview:-1\" \/>\n\t<meta name=\"author\" content=\"TE Web\"\/>\n\t<meta name=\"google-site-verification\" content=\"h1VBNyRnYwf7vlpSUpYFZHNKZWWJvCPABXVYULovAwk\" \/>\n\t<link rel=\"canonical\" href=\"https:\/\/www.bertschi-cafe.ch\/fr\/cappuccino-kekse-mit-walnuessen\/\" \/>\n\t<meta name=\"generator\" content=\"All in One SEO Pro (AIOSEO) 5.0.1.1\" \/>\n\t\t<meta property=\"og:locale\" content=\"fr_FR\" \/>\n\t\t<meta property=\"og:site_name\" content=\"Bertschi-Caf\u00e9 | Kaffee Online Shop | Kaffeer\u00f6sterei\" \/>\n\t\t<meta property=\"og:type\" content=\"article\" \/>\n\t\t<meta property=\"og:title\" content=\"Cappuccino-Kekse mit Waln\u00fcssen | Bertschi-Caf\u00e9\" \/>\n\t\t<meta property=\"og:description\" content=\"Ein herbstliches Keksrezept \u2013 perfekt zu einen feinen Kaffee und ein genussvoller Einstieg in einen sch\u00f6nen Herbst. Die Menge reicht f\u00fcr ein Backblech. F\u00fcr den Teig: 300 g zarte Haferflocken 350 g Mehl 175 g Waln\u00fcsse und Rosinen gemischt 250 g Butter 1 P\u00e4ckchen Vanillezucker 350 g braunen Zucker\" \/>\n\t\t<meta property=\"og:url\" content=\"https:\/\/www.bertschi-cafe.ch\/fr\/cappuccino-kekse-mit-walnuessen\/\" \/>\n\t\t<meta property=\"og:image\" content=\"https:\/\/www.bertschi-cafe.ch\/webseite\/wp-content\/uploads\/2023\/12\/Rezept-Oktober-Blog.jpg\" \/>\n\t\t<meta property=\"og:image:secure_url\" content=\"https:\/\/www.bertschi-cafe.ch\/webseite\/wp-content\/uploads\/2023\/12\/Rezept-Oktober-Blog.jpg\" \/>\n\t\t<meta property=\"og:image:width\" content=\"760\" \/>\n\t\t<meta property=\"og:image:height\" content=\"506\" \/>\n\t\t<meta property=\"article:published_time\" content=\"2017-10-02T17:50:08+00:00\" \/>\n\t\t<meta property=\"article:modified_time\" content=\"2024-03-16T22:27:11+00:00\" \/>\n\t\t<meta property=\"article:publisher\" content=\"https:\/\/www.facebook.com\/bertschicafe\/\" \/>\n\t\t<meta name=\"twitter:card\" content=\"summary_large_image\" \/>\n\t\t<meta name=\"twitter:title\" content=\"Cappuccino-Kekse mit Waln\u00fcssen | Bertschi-Caf\u00e9\" \/>\n\t\t<meta name=\"twitter:description\" content=\"Ein herbstliches Keksrezept \u2013 perfekt zu einen feinen Kaffee und ein genussvoller Einstieg in einen sch\u00f6nen Herbst. Die Menge reicht f\u00fcr ein Backblech. F\u00fcr den Teig: 300 g zarte Haferflocken 350 g Mehl 175 g Waln\u00fcsse und Rosinen gemischt 250 g Butter 1 P\u00e4ckchen Vanillezucker 350 g braunen Zucker\" \/>\n\t\t<meta name=\"twitter:image\" content=\"https:\/\/www.bertschi-cafe.ch\/webseite\/wp-content\/uploads\/2023\/12\/Rezept-Oktober-Blog.jpg\" \/>\n\t\t<script type=\"application\/ld+json\" class=\"aioseo-schema\">\n\t\t\t{\"@context\":\"https:\\\/\\\/schema.org\",\"@graph\":[{\"@type\":\"BlogPosting\",\"@id\":\"https:\\\/\\\/www.bertschi-cafe.ch\\\/fr\\\/cappuccino-kekse-mit-walnuessen\\\/#blogposting\",\"name\":\"Cappuccino-Kekse mit Waln\\u00fcssen | Bertschi-Caf\\u00e9\",\"headline\":\"Cappuccino-Kekse mit Waln\\u00fcssen\",\"author\":{\"@id\":\"https:\\\/\\\/www.bertschi-cafe.ch\\\/fr\\\/author\\\/te-web\\\/#author\"},\"publisher\":{\"@id\":\"https:\\\/\\\/www.bertschi-cafe.ch\\\/fr\\\/#organization\"},\"image\":{\"@type\":\"ImageObject\",\"url\":\"https:\\\/\\\/www.bertschi-cafe.ch\\\/webseite\\\/wp-content\\\/uploads\\\/2023\\\/12\\\/Rezept-Oktober-Blog.jpg\",\"width\":760,\"height\":506,\"caption\":\"Rezept-Oktober-Blog\"},\"datePublished\":\"2017-10-02T17:50:08+02:00\",\"dateModified\":\"2024-03-16T22:27:11+02:00\",\"inLanguage\":\"fr-FR\",\"mainEntityOfPage\":{\"@id\":\"https:\\\/\\\/www.bertschi-cafe.ch\\\/fr\\\/cappuccino-kekse-mit-walnuessen\\\/#webpage\"},\"isPartOf\":{\"@id\":\"https:\\\/\\\/www.bertschi-cafe.ch\\\/fr\\\/cappuccino-kekse-mit-walnuessen\\\/#webpage\"},\"articleSection\":\"Rezepte, Optional\"},{\"@type\":\"BreadcrumbList\",\"@id\":\"https:\\\/\\\/www.bertschi-cafe.ch\\\/fr\\\/cappuccino-kekse-mit-walnuessen\\\/#breadcrumblist\",\"itemListElement\":[{\"@type\":\"ListItem\",\"@id\":\"https:\\\/\\\/www.bertschi-cafe.ch\\\/fr\\\/#listItem\",\"position\":1,\"name\":\"Home\",\"item\":\"https:\\\/\\\/www.bertschi-cafe.ch\\\/fr\\\/\",\"nextItem\":{\"@type\":\"ListItem\",\"@id\":\"https:\\\/\\\/www.bertschi-cafe.ch\\\/fr\\\/category\\\/rezepte\\\/#listItem\",\"name\":\"Rezepte\"}},{\"@type\":\"ListItem\",\"@id\":\"https:\\\/\\\/www.bertschi-cafe.ch\\\/fr\\\/category\\\/rezepte\\\/#listItem\",\"position\":2,\"name\":\"Rezepte\",\"item\":\"https:\\\/\\\/www.bertschi-cafe.ch\\\/fr\\\/category\\\/rezepte\\\/\",\"nextItem\":{\"@type\":\"ListItem\",\"@id\":\"https:\\\/\\\/www.bertschi-cafe.ch\\\/fr\\\/cappuccino-kekse-mit-walnuessen\\\/#listItem\",\"name\":\"Cappuccino-Kekse mit Waln\\u00fcssen\"},\"previousItem\":{\"@type\":\"ListItem\",\"@id\":\"https:\\\/\\\/www.bertschi-cafe.ch\\\/fr\\\/#listItem\",\"name\":\"Home\"}},{\"@type\":\"ListItem\",\"@id\":\"https:\\\/\\\/www.bertschi-cafe.ch\\\/fr\\\/cappuccino-kekse-mit-walnuessen\\\/#listItem\",\"position\":3,\"name\":\"Cappuccino-Kekse mit Waln\\u00fcssen\",\"previousItem\":{\"@type\":\"ListItem\",\"@id\":\"https:\\\/\\\/www.bertschi-cafe.ch\\\/fr\\\/category\\\/rezepte\\\/#listItem\",\"name\":\"Rezepte\"}}]},{\"@type\":\"Organization\",\"@id\":\"https:\\\/\\\/www.bertschi-cafe.ch\\\/fr\\\/#organization\",\"name\":\"Fritz Bertschi AG\",\"description\":\"Fairtrade und Bio ist unser Engagement und unsere \\u00dcberzeugung. Den ausgew\\u00e4hlten Rohkaffee f\\u00fcr unser Fairtrade- und Bio-Sortiment importieren wir direkt von den Kooperativen aus den Anbaul\\u00e4ndern. Fairer und respektvoller Umgang mit unseren Kaffee-Partner, Mitarbeiter und Transparenz zu unseren Kunden stehen f\\u00fcr uns an erster Stelle.\",\"url\":\"https:\\\/\\\/www.bertschi-cafe.ch\\\/fr\\\/\",\"email\":\"info@bertschi-cafe.ch\",\"telephone\":\"+41613132200\",\"foundingDate\":\"1932-01-01\",\"logo\":{\"@type\":\"ImageObject\",\"url\":\"https:\\\/\\\/www.bertschi-cafe.ch\\\/webseite\\\/wp-content\\\/uploads\\\/2023\\\/10\\\/bertschi-cafe-logo.svg\",\"@id\":\"https:\\\/\\\/www.bertschi-cafe.ch\\\/fr\\\/cappuccino-kekse-mit-walnuessen\\\/#organizationLogo\",\"width\":1245,\"height\":1030,\"caption\":\"Bertschi-Caf\\u00e9\"},\"image\":{\"@id\":\"https:\\\/\\\/www.bertschi-cafe.ch\\\/fr\\\/cappuccino-kekse-mit-walnuessen\\\/#organizationLogo\"},\"sameAs\":[\"https:\\\/\\\/www.instagram.com\\\/bertschicafe\\\/\"]},{\"@type\":\"Person\",\"@id\":\"https:\\\/\\\/www.bertschi-cafe.ch\\\/fr\\\/author\\\/te-web\\\/#author\",\"url\":\"https:\\\/\\\/www.bertschi-cafe.ch\\\/fr\\\/author\\\/te-web\\\/\",\"name\":\"TE Web\",\"image\":{\"@type\":\"ImageObject\",\"@id\":\"https:\\\/\\\/www.bertschi-cafe.ch\\\/fr\\\/cappuccino-kekse-mit-walnuessen\\\/#authorImage\",\"url\":\"https:\\\/\\\/secure.gravatar.com\\\/avatar\\\/beb24fa1c6f6ca4c6a9f4b25e557fd1cec3623cc67bba386ae94c24f3fd51c09?s=96&d=mm&r=g\",\"width\":96,\"height\":96,\"caption\":\"TE Web\"}},{\"@type\":\"WebPage\",\"@id\":\"https:\\\/\\\/www.bertschi-cafe.ch\\\/fr\\\/cappuccino-kekse-mit-walnuessen\\\/#webpage\",\"url\":\"https:\\\/\\\/www.bertschi-cafe.ch\\\/fr\\\/cappuccino-kekse-mit-walnuessen\\\/\",\"name\":\"Cappuccino-Kekse mit Waln\\u00fcssen | Bertschi-Caf\\u00e9\",\"description\":\"Ein herbstliches Keksrezept \\u2013 perfekt zu einen feinen Kaffee und ein genussvoller Einstieg in einen sch\\u00f6nen Herbst. Die Menge reicht f\\u00fcr ein Backblech. F\\u00fcr den Teig: 300 g zarte Haferflocken 350 g Mehl 175 g Waln\\u00fcsse und Rosinen gemischt 250 g Butter 1 P\\u00e4ckchen Vanillezucker 350 g braunen Zucker\",\"inLanguage\":\"fr-FR\",\"isPartOf\":{\"@id\":\"https:\\\/\\\/www.bertschi-cafe.ch\\\/fr\\\/#website\"},\"breadcrumb\":{\"@id\":\"https:\\\/\\\/www.bertschi-cafe.ch\\\/fr\\\/cappuccino-kekse-mit-walnuessen\\\/#breadcrumblist\"},\"author\":{\"@id\":\"https:\\\/\\\/www.bertschi-cafe.ch\\\/fr\\\/author\\\/te-web\\\/#author\"},\"creator\":{\"@id\":\"https:\\\/\\\/www.bertschi-cafe.ch\\\/fr\\\/author\\\/te-web\\\/#author\"},\"image\":{\"@type\":\"ImageObject\",\"url\":\"https:\\\/\\\/www.bertschi-cafe.ch\\\/webseite\\\/wp-content\\\/uploads\\\/2023\\\/12\\\/Rezept-Oktober-Blog.jpg\",\"@id\":\"https:\\\/\\\/www.bertschi-cafe.ch\\\/fr\\\/cappuccino-kekse-mit-walnuessen\\\/#mainImage\",\"width\":760,\"height\":506,\"caption\":\"Rezept-Oktober-Blog\"},\"primaryImageOfPage\":{\"@id\":\"https:\\\/\\\/www.bertschi-cafe.ch\\\/fr\\\/cappuccino-kekse-mit-walnuessen\\\/#mainImage\"},\"datePublished\":\"2017-10-02T17:50:08+02:00\",\"dateModified\":\"2024-03-16T22:27:11+02:00\"},{\"@type\":\"WebSite\",\"@id\":\"https:\\\/\\\/www.bertschi-cafe.ch\\\/fr\\\/#website\",\"url\":\"https:\\\/\\\/www.bertschi-cafe.ch\\\/fr\\\/\",\"name\":\"Bertschi Caf\\u00e9 | Kaffee Onlineshop\",\"description\":\"Kaffee Online Shop | Kaffeer\\u00f6sterei\",\"inLanguage\":\"fr-FR\",\"publisher\":{\"@id\":\"https:\\\/\\\/www.bertschi-cafe.ch\\\/fr\\\/#organization\"}}]}\n\t\t<\/script>\n\t\t<!-- All in One SEO Pro -->\r\n\t\t<title>Cappuccino-Kekse mit Waln\u00fcssen | Bertschi-Caf\u00e9<\/title>\n\n","aioseo_head_json":{"title":"Cappuccino-Kekse mit Waln\u00fcssen | Bertschi-Caf\u00e9","description":"Ein herbstliches Keksrezept \u2013 perfekt zu einen feinen Kaffee und ein genussvoller Einstieg in einen sch\u00f6nen Herbst. Die Menge reicht f\u00fcr ein Backblech. F\u00fcr den Teig: 300 g zarte Haferflocken 350 g Mehl 175 g Waln\u00fcsse und Rosinen gemischt 250 g Butter 1 P\u00e4ckchen Vanillezucker 350 g braunen Zucker","canonical_url":"https:\/\/www.bertschi-cafe.ch\/fr\/cappuccino-kekse-mit-walnuessen\/","robots":"max-snippet:-1, max-image-preview:large, max-video-preview:-1","keywords":"","webmasterTools":{"google-site-verification":"h1VBNyRnYwf7vlpSUpYFZHNKZWWJvCPABXVYULovAwk","miscellaneous":""},"schema":{"@context":"https:\/\/schema.org","@graph":[{"@type":"BlogPosting","@id":"https:\/\/www.bertschi-cafe.ch\/fr\/cappuccino-kekse-mit-walnuessen\/#blogposting","name":"Cappuccino-Kekse mit Waln\u00fcssen | Bertschi-Caf\u00e9","headline":"Cappuccino-Kekse mit Waln\u00fcssen","author":{"@id":"https:\/\/www.bertschi-cafe.ch\/fr\/author\/te-web\/#author"},"publisher":{"@id":"https:\/\/www.bertschi-cafe.ch\/fr\/#organization"},"image":{"@type":"ImageObject","url":"https:\/\/www.bertschi-cafe.ch\/webseite\/wp-content\/uploads\/2023\/12\/Rezept-Oktober-Blog.jpg","width":760,"height":506,"caption":"Rezept-Oktober-Blog"},"datePublished":"2017-10-02T17:50:08+02:00","dateModified":"2024-03-16T22:27:11+02:00","inLanguage":"fr-FR","mainEntityOfPage":{"@id":"https:\/\/www.bertschi-cafe.ch\/fr\/cappuccino-kekse-mit-walnuessen\/#webpage"},"isPartOf":{"@id":"https:\/\/www.bertschi-cafe.ch\/fr\/cappuccino-kekse-mit-walnuessen\/#webpage"},"articleSection":"Rezepte, Optional"},{"@type":"BreadcrumbList","@id":"https:\/\/www.bertschi-cafe.ch\/fr\/cappuccino-kekse-mit-walnuessen\/#breadcrumblist","itemListElement":[{"@type":"ListItem","@id":"https:\/\/www.bertschi-cafe.ch\/fr\/#listItem","position":1,"name":"Home","item":"https:\/\/www.bertschi-cafe.ch\/fr\/","nextItem":{"@type":"ListItem","@id":"https:\/\/www.bertschi-cafe.ch\/fr\/category\/rezepte\/#listItem","name":"Rezepte"}},{"@type":"ListItem","@id":"https:\/\/www.bertschi-cafe.ch\/fr\/category\/rezepte\/#listItem","position":2,"name":"Rezepte","item":"https:\/\/www.bertschi-cafe.ch\/fr\/category\/rezepte\/","nextItem":{"@type":"ListItem","@id":"https:\/\/www.bertschi-cafe.ch\/fr\/cappuccino-kekse-mit-walnuessen\/#listItem","name":"Cappuccino-Kekse mit Waln\u00fcssen"},"previousItem":{"@type":"ListItem","@id":"https:\/\/www.bertschi-cafe.ch\/fr\/#listItem","name":"Home"}},{"@type":"ListItem","@id":"https:\/\/www.bertschi-cafe.ch\/fr\/cappuccino-kekse-mit-walnuessen\/#listItem","position":3,"name":"Cappuccino-Kekse mit Waln\u00fcssen","previousItem":{"@type":"ListItem","@id":"https:\/\/www.bertschi-cafe.ch\/fr\/category\/rezepte\/#listItem","name":"Rezepte"}}]},{"@type":"Organization","@id":"https:\/\/www.bertschi-cafe.ch\/fr\/#organization","name":"Fritz Bertschi AG","description":"Fairtrade und Bio ist unser Engagement und unsere \u00dcberzeugung. Den ausgew\u00e4hlten Rohkaffee f\u00fcr unser Fairtrade- und Bio-Sortiment importieren wir direkt von den Kooperativen aus den Anbaul\u00e4ndern. Fairer und respektvoller Umgang mit unseren Kaffee-Partner, Mitarbeiter und Transparenz zu unseren Kunden stehen f\u00fcr uns an erster Stelle.","url":"https:\/\/www.bertschi-cafe.ch\/fr\/","email":"info@bertschi-cafe.ch","telephone":"+41613132200","foundingDate":"1932-01-01","logo":{"@type":"ImageObject","url":"https:\/\/www.bertschi-cafe.ch\/webseite\/wp-content\/uploads\/2023\/10\/bertschi-cafe-logo.svg","@id":"https:\/\/www.bertschi-cafe.ch\/fr\/cappuccino-kekse-mit-walnuessen\/#organizationLogo","width":1245,"height":1030,"caption":"Bertschi-Caf\u00e9"},"image":{"@id":"https:\/\/www.bertschi-cafe.ch\/fr\/cappuccino-kekse-mit-walnuessen\/#organizationLogo"},"sameAs":["https:\/\/www.instagram.com\/bertschicafe\/"]},{"@type":"Person","@id":"https:\/\/www.bertschi-cafe.ch\/fr\/author\/te-web\/#author","url":"https:\/\/www.bertschi-cafe.ch\/fr\/author\/te-web\/","name":"TE Web","image":{"@type":"ImageObject","@id":"https:\/\/www.bertschi-cafe.ch\/fr\/cappuccino-kekse-mit-walnuessen\/#authorImage","url":"https:\/\/secure.gravatar.com\/avatar\/beb24fa1c6f6ca4c6a9f4b25e557fd1cec3623cc67bba386ae94c24f3fd51c09?s=96&d=mm&r=g","width":96,"height":96,"caption":"TE Web"}},{"@type":"WebPage","@id":"https:\/\/www.bertschi-cafe.ch\/fr\/cappuccino-kekse-mit-walnuessen\/#webpage","url":"https:\/\/www.bertschi-cafe.ch\/fr\/cappuccino-kekse-mit-walnuessen\/","name":"Cappuccino-Kekse mit Waln\u00fcssen | Bertschi-Caf\u00e9","description":"Ein herbstliches Keksrezept \u2013 perfekt zu einen feinen Kaffee und ein genussvoller Einstieg in einen sch\u00f6nen Herbst. Die Menge reicht f\u00fcr ein Backblech. F\u00fcr den Teig: 300 g zarte Haferflocken 350 g Mehl 175 g Waln\u00fcsse und Rosinen gemischt 250 g Butter 1 P\u00e4ckchen Vanillezucker 350 g braunen Zucker","inLanguage":"fr-FR","isPartOf":{"@id":"https:\/\/www.bertschi-cafe.ch\/fr\/#website"},"breadcrumb":{"@id":"https:\/\/www.bertschi-cafe.ch\/fr\/cappuccino-kekse-mit-walnuessen\/#breadcrumblist"},"author":{"@id":"https:\/\/www.bertschi-cafe.ch\/fr\/author\/te-web\/#author"},"creator":{"@id":"https:\/\/www.bertschi-cafe.ch\/fr\/author\/te-web\/#author"},"image":{"@type":"ImageObject","url":"https:\/\/www.bertschi-cafe.ch\/webseite\/wp-content\/uploads\/2023\/12\/Rezept-Oktober-Blog.jpg","@id":"https:\/\/www.bertschi-cafe.ch\/fr\/cappuccino-kekse-mit-walnuessen\/#mainImage","width":760,"height":506,"caption":"Rezept-Oktober-Blog"},"primaryImageOfPage":{"@id":"https:\/\/www.bertschi-cafe.ch\/fr\/cappuccino-kekse-mit-walnuessen\/#mainImage"},"datePublished":"2017-10-02T17:50:08+02:00","dateModified":"2024-03-16T22:27:11+02:00"},{"@type":"WebSite","@id":"https:\/\/www.bertschi-cafe.ch\/fr\/#website","url":"https:\/\/www.bertschi-cafe.ch\/fr\/","name":"Bertschi Caf\u00e9 | Kaffee Onlineshop","description":"Kaffee Online Shop | Kaffeer\u00f6sterei","inLanguage":"fr-FR","publisher":{"@id":"https:\/\/www.bertschi-cafe.ch\/fr\/#organization"}}]},"og:locale":"fr_FR","og:site_name":"Bertschi-Caf\u00e9 | Kaffee Online Shop | Kaffeer\u00f6sterei","og:type":"article","og:title":"Cappuccino-Kekse mit Waln\u00fcssen | Bertschi-Caf\u00e9","og:description":"Ein herbstliches Keksrezept \u2013 perfekt zu einen feinen Kaffee und ein genussvoller Einstieg in einen sch\u00f6nen Herbst. Die Menge reicht f\u00fcr ein Backblech. F\u00fcr den Teig: 300 g zarte Haferflocken 350 g Mehl 175 g Waln\u00fcsse und Rosinen gemischt 250 g Butter 1 P\u00e4ckchen Vanillezucker 350 g braunen Zucker","og:url":"https:\/\/www.bertschi-cafe.ch\/fr\/cappuccino-kekse-mit-walnuessen\/","og:image":"https:\/\/www.bertschi-cafe.ch\/webseite\/wp-content\/uploads\/2023\/12\/Rezept-Oktober-Blog.jpg","og:image:secure_url":"https:\/\/www.bertschi-cafe.ch\/webseite\/wp-content\/uploads\/2023\/12\/Rezept-Oktober-Blog.jpg","og:image:width":760,"og:image:height":506,"article:published_time":"2017-10-02T17:50:08+00:00","article:modified_time":"2024-03-16T22:27:11+00:00","article:publisher":"https:\/\/www.facebook.com\/bertschicafe\/","twitter:card":"summary_large_image","twitter:title":"Cappuccino-Kekse mit Waln\u00fcssen | Bertschi-Caf\u00e9","twitter:description":"Ein herbstliches Keksrezept \u2013 perfekt zu einen feinen Kaffee und ein genussvoller Einstieg in einen sch\u00f6nen Herbst. Die Menge reicht f\u00fcr ein Backblech. F\u00fcr den Teig: 300 g zarte Haferflocken 350 g Mehl 175 g Waln\u00fcsse und Rosinen gemischt 250 g Butter 1 P\u00e4ckchen Vanillezucker 350 g braunen Zucker","twitter:image":"https:\/\/www.bertschi-cafe.ch\/webseite\/wp-content\/uploads\/2023\/12\/Rezept-Oktober-Blog.jpg"},"aioseo_meta_data":{"post_id":"3629","title":null,"description":null,"keywords":null,"keyphrases":null,"primary_term":null,"canonical_url":null,"og_title":null,"og_description":null,"og_object_type":"default","og_image_type":"default","og_image_url":null,"og_image_width":null,"og_image_height":null,"og_image_custom_url":null,"og_image_custom_fields":null,"og_video":"","og_custom_url":null,"og_article_section":null,"og_article_tags":null,"twitter_use_og":false,"twitter_card":"default","twitter_image_type":"default","twitter_image_url":null,"twitter_image_custom_url":null,"twitter_image_custom_fields":null,"twitter_title":null,"twitter_description":null,"schema":{"blockGraphs":[],"customGraphs":[],"default":{"data":{"Article":[],"Course":[],"Dataset":[],"FAQPage":[],"Movie":[],"Person":[],"Product":[],"ProductReview":[],"Car":[],"Recipe":[],"Service":[],"SoftwareApplication":[],"WebPage":[]},"graphName":"","isEnabled":true},"graphs":[]},"schema_type":"default","schema_type_options":null,"pillar_content":false,"robots_default":false,"robots_noindex":false,"robots_noarchive":false,"robots_nosnippet":false,"robots_nofollow":false,"robots_noimageindex":false,"robots_noodp":false,"robots_notranslate":false,"robots_max_snippet":"-1","robots_max_videopreview":"-1","robots_max_imagepreview":"large","priority":null,"frequency":"default","local_seo":null,"seo_analyzer_scan_date":"2026-05-13 01:55:34","breadcrumb_settings":null,"limit_modified_date":false,"reviewed_by":null,"open_ai":"{\"title\":{\"suggestions\":[],\"usage\":0},\"description\":{\"suggestions\":[],\"usage\":0}}","ai":null,"created":"2023-12-29 16:34:52","updated":"2026-05-13 01:55:34","focus_keyword":null,"additional_keywords":null,"truseo_locale":null},"aioseo_breadcrumb":"<div class=\"aioseo-breadcrumbs\"><span class=\"aioseo-breadcrumb\">\n\t<a href=\"https:\/\/www.bertschi-cafe.ch\/fr\/\" title=\"Home\">Home<\/a>\n<\/span><span class=\"aioseo-breadcrumb-separator\">&raquo;<\/span><span class=\"aioseo-breadcrumb\">\n\t<a href=\"https:\/\/www.bertschi-cafe.ch\/fr\/category\/rezepte\/\" title=\"Rezepte\">Rezepte<\/a>\n<\/span><span class=\"aioseo-breadcrumb-separator\">&raquo;<\/span><span class=\"aioseo-breadcrumb\">\n\tCappuccino-Kekse mit Waln\u00fcssen\n<\/span><\/div>","aioseo_breadcrumb_json":[{"label":"Home","link":"https:\/\/www.bertschi-cafe.ch\/fr\/"},{"label":"Rezepte","link":"https:\/\/www.bertschi-cafe.ch\/fr\/category\/rezepte\/"},{"label":"Cappuccino-Kekse mit Waln\u00fcssen","link":"https:\/\/www.bertschi-cafe.ch\/fr\/cappuccino-kekse-mit-walnuessen\/"}],"_links":{"self":[{"href":"https:\/\/www.bertschi-cafe.ch\/fr\/wp-json\/wp\/v2\/posts\/3629","targetHints":{"allow":["GET"]}}],"collection":[{"href":"https:\/\/www.bertschi-cafe.ch\/fr\/wp-json\/wp\/v2\/posts"}],"about":[{"href":"https:\/\/www.bertschi-cafe.ch\/fr\/wp-json\/wp\/v2\/types\/post"}],"author":[{"embeddable":true,"href":"https:\/\/www.bertschi-cafe.ch\/fr\/wp-json\/wp\/v2\/users\/2"}],"replies":[{"embeddable":true,"href":"https:\/\/www.bertschi-cafe.ch\/fr\/wp-json\/wp\/v2\/comments?post=3629"}],"version-history":[{"count":1,"href":"https:\/\/www.bertschi-cafe.ch\/fr\/wp-json\/wp\/v2\/posts\/3629\/revisions"}],"predecessor-version":[{"id":24710,"href":"https:\/\/www.bertschi-cafe.ch\/fr\/wp-json\/wp\/v2\/posts\/3629\/revisions\/24710"}],"wp:featuredmedia":[{"embeddable":true,"href":"https:\/\/www.bertschi-cafe.ch\/fr\/wp-json\/wp\/v2\/media\/3358"}],"wp:attachment":[{"href":"https:\/\/www.bertschi-cafe.ch\/fr\/wp-json\/wp\/v2\/media?parent=3629"}],"wp:term":[{"taxonomy":"category","embeddable":true,"href":"https:\/\/www.bertschi-cafe.ch\/fr\/wp-json\/wp\/v2\/categories?post=3629"},{"taxonomy":"post_tag","embeddable":true,"href":"https:\/\/www.bertschi-cafe.ch\/fr\/wp-json\/wp\/v2\/tags?post=3629"}],"curies":[{"name":"wp","href":"https:\/\/api.w.org\/{rel}","templated":true}]}}